{"id":1018,"date":"2016-04-01T14:07:03","date_gmt":"2016-04-01T14:07:03","guid":{"rendered":"http:\/\/aimer.es\/?p=1018"},"modified":"2016-05-24T16:17:09","modified_gmt":"2016-05-24T16:17:09","slug":"impuesto-sobre-la-renta-2016-novedades-y-principales-deducciones","status":"publish","type":"post","link":"http:\/\/aimer.es\/?p=1018","title":{"rendered":"Impuesto sobre la Renta 2015: Novedades y principales deducciones"},"content":{"rendered":"<p>\u00a1No te asustes! que esto pasa todos los a\u00f1os.\u00a0El pr\u00f3ximo d\u00eda <strong>6 de abril arranca la nueva campa\u00f1a de la renta<\/strong> y llega con algunas novedades.\u00a0Entre ellas, la posibilidad de presentar la declaraci\u00f3n exclusivamente por medios telem\u00e1ticos, ya que este a\u00f1o la AEAT ha puesto en marcha un nuevo sistema denominado Renta Web\u00a0que\u00a0ofrece a la mayor\u00eda de los contribuyentes (excepto aquellos que obtengan rentas procedentes de actividades econ\u00f3micas) la posibilidad de acceder directamente al servidor de la Agencia Tributaria y a\u00f1adir cualquier dato o renta, de manera que puedes tramitar f\u00e1cilmente tu borrador\/declaraci\u00f3n.<\/p>\n<p>Tambi\u00e9n a partir de esta fecha podr\u00e1s obtener el n\u00famero de referencia (que este a\u00f1o ser\u00e1 la casilla 490 de la declaraci\u00f3n de la renta 2014) o descargar el programa Padre.<\/p>\n<p><!--more-->Hasta el 4 de mayo no ser\u00e1 posible pedir cita para acudir a las oficinas de la Agencia Tributaria para confeccionar la declaraci\u00f3n y el d\u00eda 10 de mayo comenzar\u00e1 la campa\u00f1a presencial donde se podr\u00e1 presentar la declaraci\u00f3n de la renta por otra v\u00eda distinta a la telem\u00e1tica.<\/p>\n<p>T\u00f3matelo con calma&#8230;porque la campa\u00f1a <strong>no finaliza hasta el 25 de junio para las declaraciones con domiciliaci\u00f3n bancaria y el 30 de junio para las dem\u00e1s.<\/strong><\/p>\n<p>&nbsp;<\/p>\n<h5>\u00bfQui\u00e9nes est\u00e1n obligados a declarar?<\/h5>\n<p>Seg\u00fan el art\u00edculo 96 de la Ley 35\/2006 de IRPF, los contribuyentes estar\u00e1n, con ciertos l\u00edmites, obligados a presentar declaraci\u00f3n de IRPF por su renta. No obstante, no tendr\u00e1n que declarar aquellos que obtengan exclusivamente las siguientes rentas:<\/p>\n<ul>\n<li><strong>Rendimientos \u00edntegros del trabajo, con el l\u00edmite de 22.000 \u20ac anuales.<\/strong> Este l\u00edmite ser\u00e1 de 12.000 \u20ac en los casos en que exista m\u00e1s de un pagador y la suma de las cantidades percibidas del segundo y restantes pagadores no supere en su conjunto la cantidad de 1.500 \u20ac anuales.<\/li>\n<\/ul>\n<ul>\n<li><strong>Rendimientos \u00edntegros del capital mobiliario y ganancias patrimoniales<\/strong> sometidos a retenci\u00f3n o ingreso a cuenta, <strong>con el l\u00edmite conjunto de 1.600 \u20ac anuales<\/strong>.<\/li>\n<\/ul>\n<ul>\n<li><strong>Rentas inmobiliarias imputadas, rendimientos \u00edntegros del capital mobiliario no sujetos a retenci\u00f3n derivados de letras del Tesoro y subvenciones para la adquisici\u00f3n de viviendas de protecci\u00f3n oficial o de precio tasado, con el l\u00edmite conjunto de 1.000 \u20ac anuales<\/strong>.<\/li>\n<\/ul>\n<p>Recuerda que si superas uno de estos l\u00edmites, aunque cumplas con alguno de los dem\u00e1s, deber\u00e1s presentar declaraci\u00f3n de todas tus rentas.<\/p>\n<p><a href=\"http:\/\/aimer.es\/wordpress\/wp-content\/uploads\/2016\/03\/EMPRESA-2-copy.jpg\"><img loading=\"lazy\" class=\"aligncenter wp-image-712 size-large\" src=\"http:\/\/aimer.es\/wordpress\/wp-content\/uploads\/2016\/03\/EMPRESA-2-copy-1024x576.jpg\" alt=\"empresas_superior\" width=\"990\" height=\"557\" srcset=\"http:\/\/aimer.es\/wordpress\/wp-content\/uploads\/2016\/03\/EMPRESA-2-copy-1024x576.jpg 1024w, http:\/\/aimer.es\/wordpress\/wp-content\/uploads\/2016\/03\/EMPRESA-2-copy-300x169.jpg 300w, http:\/\/aimer.es\/wordpress\/wp-content\/uploads\/2016\/03\/EMPRESA-2-copy-260x146.jpg 260w, http:\/\/aimer.es\/wordpress\/wp-content\/uploads\/2016\/03\/EMPRESA-2-copy.jpg 1920w\" sizes=\"(max-width: 990px) 100vw, 990px\" \/><\/a><\/p>\n<h5>Te interesa<\/h5>\n<p><span style=\"text-decoration: underline;\"><strong>Planes de Pensiones.<\/strong><\/span>\u00a0Las aportaciones a planes de pensiones ser\u00e1n deducibles en la base general del impuesto con un l\u00edmite de 8.000 \u20ac, siempre que no supere el 30% de los rendimientos del trabajo y actividades econ\u00f3micas. Tambi\u00e9n lo ser\u00e1n las aportaciones realizadas por el c\u00f3nyuge del contribuyente, con un l\u00edmite de 2.500 \u20ac, cuando \u00e9ste perciba rendimientos del trabajo o actividades econ\u00f3micas inferiores a 8.000 \u20ac.<\/p>\n<p><strong><u>Deducci\u00f3n de vivienda habitual.<\/u><\/strong>\u00a0Siempre que hayas adquirido tu\u00a0vivienda habitual antes de 2013 y hubieses aplicado esta deducci\u00f3n en alg\u00fan periodo anterior, podr\u00e1s continuar deduciendo hasta el 15% de las cantidades invertidas, con un l\u00edmite de 9.040\u20ac anuales.<\/p>\n<p><strong><u>Venta de bienes si eres\u00a0mayor de 65 a\u00f1os.<\/u><\/strong>\u00a0Las ganancias patrimoniales obtenidas por mayores de 65 a\u00f1os en la venta cualquier bien de su patrimonio estar\u00e1n exentas de tributaci\u00f3n, siempre que la destinen en un plazo de 6 meses a una renta vitalicia asegurada, con un l\u00edmite de 240.000 \u20ac. En caso de que el bien sea la vivienda habitual, \u00e9sta quedar\u00e1 exenta de tributaci\u00f3n en IRPF sin necesidad de constituir renta vitalicia alguna.<\/p>\n<p><strong><u>Cuotas a colegios profesionales obligatorios.<\/u><\/strong>\u00a0Podr\u00e1s deducirlas\u00a0con un l\u00edmite anual de 500 \u20ac.<\/p>\n<p><strong><u>Gastos de defensa jur\u00eddica contra el empleador.<\/u><\/strong>\u00a0Podr\u00e1s deducirlos con un l\u00edmite anual de 300 \u20ac.<\/p>\n<p><strong><u>Donaciones a ONGs.<\/u><\/strong>\u00a0Podr\u00e1s desgravar el 50% de los primeros 150\u20ac que dones\u00a0a ONGs y un 27,50% del resto de tus aportaciones. \u00c9ste porcentaje ser\u00e1 del 32,50% si el importe donado a una misma ONG no ha disminuido en cada uno de los \u00faltimos tres a\u00f1os.<\/p>\n<p><strong><u>Cuotas de afiliaci\u00f3n y aportaciones a partidos pol\u00edticos.<\/u><\/strong>\u00a0Deducibles en un 20% sobre la cuota de afiliaci\u00f3n o aportaci\u00f3n, con un l\u00edmite de 600 \u20ac anuales.<\/p>\n<p>&nbsp;<\/p>\n<h5>\u00bfVives en Galicia?\u00a0Esto te interesa<\/h5>\n<p><strong><u>Deducci\u00f3n por hijos.<\/u><\/strong>\u00a0Puedes deducir en tu declaraci\u00f3n 360 \u20ac por cada hijo, siempre que la base imponible menos los m\u00ednimos personal y familiar sea interior a 22.000 \u20ac. Si fuese superior a 22.000 \u20ac, la deducci\u00f3n ser\u00eda de 300 \u20ac. Si se trata de tu segundo hijo, la deducci\u00f3n ascender\u00e1 a 1.200 \u20ac y si es el tercero o siguientes 2.400 \u20ac. En caso de discapacidad reconocida igual o superior al 33% \u00e9stas cantidades se duplicar\u00e1n.<\/p>\n<p>La cuant\u00eda se incrementa en un 20% en caso de los residentes en municipios de hasta 5.000 habitantes y en los resultantes de procedimientos de fusi\u00f3n o incorporaci\u00f3n.<\/p>\n<p>Adem\u00e1s, la deducci\u00f3n se extender\u00e1 a los 2 periodos impositivos siguientes al de nacimiento o adopci\u00f3n, siempre que el hijo conviva contigo, en funci\u00f3n de determinadas cuant\u00edas y l\u00edmites.<\/p>\n<p><strong><u>Deducci\u00f3n por familia numerosa.<\/u><\/strong>\u00a0250 \u20ac en caso de familia numerosa de categor\u00eda general y 400 \u20ac cuando se trate de familia numerosa de categor\u00eda especial (con cinco o m\u00e1s hijos, o cuatro hijos de los que al menos tres procedan de parto m\u00faltiple).<\/p>\n<p><strong><u>Deducci\u00f3n por cuidado de hijos de 0 a 3 a\u00f1os.<\/u><\/strong>\u00a0Puedes deducir el 30% de las cantidades satisfechas a tu empleada de hogar o a guarder\u00edas por cuidado de tus hijos entre 0 y 3 a\u00f1os, con un l\u00edmite m\u00e1ximo de 400 \u20ac (600 \u20ac si tienes 2 \u00f3 m\u00e1s hijos). Como requisitos, el hijo debe convivir contigo, ambos padres deb\u00e9is trabajar fuera del domicilio familiar, la persona empleada de hogar debe estar dada de alta en el correspondiente r\u00e9gimen de la Seguridad Social y que la base imponible total menos los m\u00ednimos personal y familiar no exceda de 22.000 \u20ac en tributaci\u00f3n individual \u00f3 31.000 \u20ac en la conjunta.<\/p>\n<p><strong><u>Deducci\u00f3n por alquiler de vivienda habitual.<\/u><\/strong>\u00a0Si tu vivienda habitual es de alquiler, puedes deducir el 10% del importe del alquiler\u00a0con un l\u00edmite de 300\u20ac (o el 20% con un l\u00edmite de 600\u20ac en caso de tener 2 o m\u00e1s hijos menores de edad) siempre que tengas 35 a\u00f1os o menos, que el contrato de arrendamiento sea de fecha posterior a 1 de enero de 2003, que hayas depositado la fianza a la que se hace referencia en la Ley 29\/1994 de arrendamientos urbanos en el Instituto Gallego de la Vivienda y Suelo y que la base imponible total menos los m\u00ednimos personal y familiar no sea superior a 22.000 \u20ac. La cuant\u00eda de la deducci\u00f3n se duplicar\u00e1 en caso de discapacidad reconocida superior al 33%.<\/p>\n<p><strong><u>Deducci\u00f3n por acceso a internet.<\/u><\/strong>\u00a0Es del 30% del importe del alta y las cuotas mensuales necesarias para el acceso a Internet, a trav\u00e9s de l\u00edneas de alta velocidad, con un l\u00edmite de 100\u20ac.<\/p>\n<p><strong><u>Deducci\u00f3n por instalaci\u00f3n de sistemas de climatizaci\u00f3n con energ\u00edas renovables.<\/u><\/strong>\u00a0En este caso podr\u00e1s deducir el 5%, con un l\u00edmite de 280\u20ac, de las cantidades satisfechas en el ejercicio por la instalaci\u00f3n en la vivienda habitual de sistemas de climatizaci\u00f3n y\/o agua caliente sanitaria siempre que las edificaciones empleen fuentes de energ\u00eda renovables.<\/p>\n<p>&nbsp;<\/p>\n<p>Te recordamos que en caso de necesitar asesoramiento de cualquier tipo ponemos a tu disposici\u00f3n a nuestro\u00a0equipo de profesionales, y si no quieres complicarte, podemos tramitar\u00a0tu declaraci\u00f3n.<\/p>\n","protected":false},"excerpt":{"rendered":"<p>\u00a1No te asustes! que esto pasa todos los a\u00f1os.\u00a0El pr\u00f3ximo d\u00eda 6 de abril arranca la nueva campa\u00f1a de la renta y llega con algunas novedades.\u00a0Entre ellas, la posibilidad de presentar la declaraci\u00f3n exclusivamente por medios telem\u00e1ticos, ya que este a\u00f1o la AEAT ha puesto en marcha un nuevo sistema denominado Renta Web\u00a0que\u00a0ofrece a la<\/p>\n","protected":false},"author":2,"featured_media":1024,"comment_status":"open","ping_status":"open","sticky":false,"template":"","format":"standard","meta":[],"categories":[45,26,28,30,33,47,1,34],"tags":[70,72,16,73,68,71,67,69],"_links":{"self":[{"href":"http:\/\/aimer.es\/index.php?rest_route=\/wp\/v2\/posts\/1018"}],"collection":[{"href":"http:\/\/aimer.es\/index.php?rest_route=\/wp\/v2\/posts"}],"about":[{"href":"http:\/\/aimer.es\/index.php?rest_route=\/wp\/v2\/types\/post"}],"author":[{"embeddable":true,"href":"http:\/\/aimer.es\/index.php?rest_route=\/wp\/v2\/users\/2"}],"replies":[{"embeddable":true,"href":"http:\/\/aimer.es\/index.php?rest_route=%2Fwp%2Fv2%2Fcomments&post=1018"}],"version-history":[{"count":7,"href":"http:\/\/aimer.es\/index.php?rest_route=\/wp\/v2\/posts\/1018\/revisions"}],"predecessor-version":[{"id":1060,"href":"http:\/\/aimer.es\/index.php?rest_route=\/wp\/v2\/posts\/1018\/revisions\/1060"}],"wp:featuredmedia":[{"embeddable":true,"href":"http:\/\/aimer.es\/index.php?rest_route=\/wp\/v2\/media\/1024"}],"wp:attachment":[{"href":"http:\/\/aimer.es\/index.php?rest_route=%2Fwp%2Fv2%2Fmedia&parent=1018"}],"wp:term":[{"taxonomy":"category","embeddable":true,"href":"http:\/\/aimer.es\/index.php?rest_route=%2Fwp%2Fv2%2Fcategories&post=1018"},{"taxonomy":"post_tag","embeddable":true,"href":"http:\/\/aimer.es\/index.php?rest_route=%2Fwp%2Fv2%2Ftags&post=1018"}],"curies":[{"name":"wp","href":"https:\/\/api.w.org\/{rel}","templated":true}]}}