{"id":887,"date":"2016-03-09T13:23:29","date_gmt":"2016-03-09T13:23:29","guid":{"rendered":"http:\/\/aimer.es\/wordpress\/?p=887"},"modified":"2016-03-16T14:19:34","modified_gmt":"2016-03-16T14:19:34","slug":"la-pac-como-funciona-y-que-novedades-trae-en-2016","status":"publish","type":"post","link":"http:\/\/aimer.es\/?p=887","title":{"rendered":"La PAC: C\u00f3mo funciona y qu\u00e9 novedades trae en 2016"},"content":{"rendered":"<p>La\u00a0<b>Pol\u00edtica Agr\u00edcola Com\u00fan<\/b>\u00a0m\u00e1s conocida por su siglas <strong>PAC<\/strong>\u00a0es una de las pol\u00edticas m\u00e1s importantes llevadas a cabo en el marco de la Uni\u00f3n Europea, ya que\u00a0gestiona las ayudas y subvenciones\u00a0que se otorgan a los agricultores y ganaderos de la uni\u00f3n. Tal es la importancia de esta ayuda que su importe de aproximadamente <strong>60.000 millones de euros<\/strong> representa aproximadamente un 1% de la RNB de la UE de los 28 y absorbe pr\u00e1cticamente el 40% del presupuesto comunitario. De este presupuesto, los pagos directos representan en torno al 70% de la totalidad.<\/p>\n<p>Pero traslademos estos datos a nuestra realidad. Desde la \u00f3ptica de una explotaci\u00f3n ganadera gallega, y por los datos que manejamos a trav\u00e9s de nuestros servicios para 2014, podemos estimar que <strong>la PAC representa aproximadamente unos 3 cents. por cada litro de leche entregado<\/strong>, que con\u00a0una media de precio de mercado de 35,3 cents.\/litro a lo largo del a\u00f1o, supone un <strong>8,5% del precio de cada litro<\/strong>. Como referencia, los gastos en mano de obra rondan los 5 cents.\/litro., por lo que la PAC cubre de media un 60% de los gastos de personal de una explotaci\u00f3n gallega media.<\/p>\n<p><!--more--><\/p>\n<h6>PAC 2015-2020<\/h6>\n<p>El a\u00f1o pasado ha representado un ejercicio de cambio en lo referente a esta ayuda ya que se han introducido los siguientes cambios:<\/p>\n<p><strong>&#8211; Cambio de tus Derechos de Pago \u00danico a Derechos de Pago Base<\/strong><\/p>\n<p>Tus Derechos de Pago \u00danico pasan a convertirse en\u00a0Derechos de Pago B\u00e1sico. Esto significa que el valor de tu Derecho de Pago B\u00e1sico ser\u00e1 un porcentaje de los importes en ayudas que percibiste en el 2014, dividido por el n\u00famero de derechos que se te asignen. Y estos ser\u00e1n igual a tus\u00a0hect\u00e1reas admisibles siempre que no superen las que declaraste en 2013.<\/p>\n<p>En\u00a0el horizonte 2020 estos Derechos de Pago Base se alterar\u00e1n en funci\u00f3n a un valor de referencia regional. Este valor depender\u00e1 de en que regi\u00f3n est\u00e9s ubicado, ya que atendiendo a criterios administrativos, agron\u00f3micos y de potencial productivo se ha dividido Espa\u00f1a en 50 regiones de las que 7 corresponden a Galicia, adem\u00e1s este valor se ir\u00e1 modificando tendiendo a homogeneizarse hacia una media nacional.<\/p>\n<p><strong>&#8211; Pago verde (Greening)<\/strong><\/p>\n<p>Podr\u00e1s percibir una ayuda adicional por cada hect\u00e1rea admisible vinculada a un Derecho de Pago Base (DPB) si llevas a cabo\u00a0unas pr\u00e1cticas agr\u00edcolas beneficiosas para el clima y el medio ambiente, que ser\u00e1 un porcentaje del valor de tus DPB. Este porcentaje depende del n\u00famero de hect\u00e1reas declaradas a nivel nacional. Se consideran pr\u00e1cticas beneficiosas para el medio ambiente las siguientes:<\/p>\n<ol>\n<li>Diversificaci\u00f3n de cultivos. Si dispones\u00a0de<strong> menos de 10 hect\u00e1reas<\/strong> de tierras de cultivo la cumples; si dispones de <strong>entre 10 y 30 ha<\/strong> debes tener al menos 2 cultivos y el principal no debe superar el 75%; y si dispones de <strong>m\u00e1s de 30 ha<\/strong> deber\u00e1s realizar al menos 3 cultivos, donde el principal no debe superar el 75% y junto con el secundario\u00a0no deben superar el 95%.<\/li>\n<li>Mantenimiento de pastos permanentes. Cabe destacar que no se pueden convertir\u00a0ni labrar los pastos catalogados como medioambientalmente sensibles.<\/li>\n<li>Superficies de inter\u00e9s ecol\u00f3gico. Como barbecho y\u00a0cultivos fijadores de nitr\u00f3geno.<\/li>\n<\/ol>\n<p>Si cuentas con una certificaci\u00f3n ecol\u00f3gica tienes derecho a recibir esta ayuda autom\u00e1ticamente.<\/p>\n<p><strong>&#8211; Ayudas asociadas<\/strong><\/p>\n<p>Estas ayudas han experimentado modificaciones significativas en 2015. La relaci\u00f3n de las mismas es la que sigue.<\/p>\n<ul>\n<li>Cultivos\u00a0proteicos<\/li>\n<li>Legumbres de calidad<\/li>\n<li>Explotaciones que mantengan vacas nodrizas<\/li>\n<li>Explotaciones de vacuno de cebo<\/li>\n<li>Explotaciones de vacuno de leche<\/li>\n<li>Explotaciones de ovino<\/li>\n<li>Explotaciones de caprino<\/li>\n<\/ul>\n<p><strong>&#8211; Pago de agricultores J\u00f3venes<\/strong><\/p>\n<p>Si eres menor\u00a0de 40 a\u00f1os en el momento de presentar tu primera solicitud de Derechos de Pago Base, llevas\u00a0al menos 5 a\u00f1os\u00a0como responsable de tu explotaci\u00f3n, est\u00e1s inscrito en el r\u00e9gimen agrario de la SS y tienes derecho a recibir las ayudas de Pago B\u00e1sico, puedes acogerte a la ayuda adicional para agricultores\u00a0J\u00f3venes. El importe de este pago es del 25 % del valor de tus Derechos de Pago Base (ajustado al presupuesto de la ayuda) y el n\u00famero m\u00e1ximo de derechos que se te contabilizar\u00e1n ser\u00e1 de 90, en caso de personas jur\u00eddicas depender\u00e1 de tu porcentaje de participaci\u00f3n en la sociedad con el mismo l\u00edmite.<\/p>\n<p><strong>&#8211; R\u00e9gimen de\u00a0peque\u00f1os agricultores<\/strong><\/p>\n<p>Si durante el\u00a02015 no percibiste m\u00e1s de 1.250 \u20ac en ayudas directas puedes acogerte a este r\u00e9gimen especial. Cabe destacar que puedes decidir si quieres o no pertenecer a este grupo, y en caso que decidas hacerlo puedes abandonarlo en cualquier momento, pero una vez lo hagas no puedes volver a acogerte.<\/p>\n<p>Si decides acogerte tu solicitud \u00fanica se limita a un documento para darte de alta en este r\u00e9gimen que deber\u00e1 acompa\u00f1ase\u00a0de una informaci\u00f3n m\u00ednima de cada parcela. Adem\u00e1s este grupo queda exento del sistema de control y de los riesgos de sanciones por condicionalidad.<\/p>\n<p>&nbsp;<\/p>\n<h6>Novedades PAC 2016<\/h6>\n<p>Como principales novedades para este a\u00f1o cabe destacar las siguientes:<\/p>\n<p><strong>&#8211; Solicitudes de ratificaci\u00f3n\/renuncia al R\u00e9gimen de Peque\u00f1os Agricultores.<\/strong><\/p>\n<p><strong>&#8211; Las comunicaciones de cesiones de derechos de PB.<\/strong><\/p>\n<p><strong>&#8211; Ayudas de Zonas de Limitaciones Naturales (ZLN):<\/strong> Como principales novedades cabe se\u00f1alar\u00a0la\u00a0solicitud por parte del titular de la explotaci\u00f3n sin que existan solicitudes de socios; as\u00ed como la\u00a0inexistencia de carga ganadera m\u00e1xima; y un importante incremento de la dotaci\u00f3n presupuestaria\u00a0desde los 11,1 millones hasta los 20 millones de euros.<\/p>\n<p>&nbsp;<\/p>\n<h6>Calendario PAC 2016<\/h6>\n<p>En lo relativo al calendario de la PAC para este a\u00f1o 2016, a comienzos del mes de Febrero se ha publicado el\u00a0Orden de Ayudas, por lo que deber\u00edas haber recibido\u00a0una carta con los nuevos\u00a0CIP, que es muy importante que\u00a0guardes debidamente.<\/p>\n<p>La campa\u00f1a para presentar las nuevas <strong>PAC 2016 finaliza el pr\u00f3ximo 30 de Abril<\/strong>, por lo que desde Aimer aprovechamos para\u00a0recordarte que prestamos los servicios de asesoramiento t\u00e9cnico y tramitaci\u00f3n\u00a0de estas ayudas, as\u00ed como servicios de financiaci\u00f3n de las mismas.<\/p>\n<p>&nbsp;<\/p>\n","protected":false},"excerpt":{"rendered":"<p>La\u00a0Pol\u00edtica Agr\u00edcola Com\u00fan\u00a0m\u00e1s conocida por su siglas PAC\u00a0es una de las pol\u00edticas m\u00e1s importantes llevadas a cabo en el marco de la Uni\u00f3n Europea, ya que\u00a0gestiona las ayudas y subvenciones\u00a0que se otorgan a los agricultores y ganaderos de la uni\u00f3n. Tal es la importancia de esta ayuda que su importe de aproximadamente 60.000 millones de<\/p>\n","protected":false},"author":1,"featured_media":891,"comment_status":"open","ping_status":"open","sticky":false,"template":"","format":"standard","meta":[],"categories":[21,44,42],"tags":[50,55,54,53,58,49,51,57,56,52],"_links":{"self":[{"href":"http:\/\/aimer.es\/index.php?rest_route=\/wp\/v2\/posts\/887"}],"collection":[{"href":"http:\/\/aimer.es\/index.php?rest_route=\/wp\/v2\/posts"}],"about":[{"href":"http:\/\/aimer.es\/index.php?rest_route=\/wp\/v2\/types\/post"}],"author":[{"embeddable":true,"href":"http:\/\/aimer.es\/index.php?rest_route=\/wp\/v2\/users\/1"}],"replies":[{"embeddable":true,"href":"http:\/\/aimer.es\/index.php?rest_route=%2Fwp%2Fv2%2Fcomments&post=887"}],"version-history":[{"count":5,"href":"http:\/\/aimer.es\/index.php?rest_route=\/wp\/v2\/posts\/887\/revisions"}],"predecessor-version":[{"id":958,"href":"http:\/\/aimer.es\/index.php?rest_route=\/wp\/v2\/posts\/887\/revisions\/958"}],"wp:featuredmedia":[{"embeddable":true,"href":"http:\/\/aimer.es\/index.php?rest_route=\/wp\/v2\/media\/891"}],"wp:attachment":[{"href":"http:\/\/aimer.es\/index.php?rest_route=%2Fwp%2Fv2%2Fmedia&parent=887"}],"wp:term":[{"taxonomy":"category","embeddable":true,"href":"http:\/\/aimer.es\/index.php?rest_route=%2Fwp%2Fv2%2Fcategories&post=887"},{"taxonomy":"post_tag","embeddable":true,"href":"http:\/\/aimer.es\/index.php?rest_route=%2Fwp%2Fv2%2Ftags&post=887"}],"curies":[{"name":"wp","href":"https:\/\/api.w.org\/{rel}","templated":true}]}}