{"id":2,"name":"Pedro Espido","url":"","description":"Diplomado en CC Empresariales por la Universidad de Santiago de Compostela. Licenciado en Administraci\u00f3n y Direcci\u00f3n de Empresas por la Universidad de Santiago de Compostela. M\u00e1ster en Fiscalidad y Tributaci\u00f3n por el Colegio de Economistas de A Coru\u00f1a. Curso en Gesti\u00f3n Econ\u00f3mica para Mediadores de Seguros por el Instituto Atl\u00e1ntico del Seguro (INADE).","link":"http:\/\/aimer.es\/?author=2","slug":"pedroespido","avatar_urls":{"24":"http:\/\/0.gravatar.com\/avatar\/36d24b32f0b601a9e3e13e17612ccfbc?s=24&d=mm&r=g","48":"http:\/\/0.gravatar.com\/avatar\/36d24b32f0b601a9e3e13e17612ccfbc?s=48&d=mm&r=g","96":"http:\/\/0.gravatar.com\/avatar\/36d24b32f0b601a9e3e13e17612ccfbc?s=96&d=mm&r=g"},"meta":[],"_links":{"self":[{"href":"http:\/\/aimer.es\/index.php?rest_route=\/wp\/v2\/users\/2"}],"collection":[{"href":"http:\/\/aimer.es\/index.php?rest_route=\/wp\/v2\/users"}]}}